[{"@context":"https:\/\/schema.org\/","@type":"Article","@id":"https:\/\/www.t-real.cz\/brat-pujcku-nebo-ne\/#Article","mainEntityOfPage":"https:\/\/www.t-real.cz\/brat-pujcku-nebo-ne\/","headline":"Br\u00e1t p\u016fj\u010dku nebo ne?","name":"Br\u00e1t p\u016fj\u010dku nebo ne?","description":"Ono je to na ka\u017ed\u00e9m z n\u00e1s, jak se k tomu postav\u00ed. Jsou lid\u00e9, kte\u0159\u00ed by si nep\u016fj\u010dili","datePublished":"2024-12-23","dateModified":"2024-12-23","author":{"@type":"Person","@id":"https:\/\/www.t-real.cz\/author\/#Person","name":"","url":"https:\/\/www.t-real.cz\/author\/","identifier":1,"image":{"@type":"ImageObject","@id":"https:\/\/secure.gravatar.com\/avatar\/99fa2d7bb0ff3369cbf7f1481134d0b6f7aff596e984b7c90a3d99b8b24eb0d8?s=96&d=mm&r=g","url":"https:\/\/secure.gravatar.com\/avatar\/99fa2d7bb0ff3369cbf7f1481134d0b6f7aff596e984b7c90a3d99b8b24eb0d8?s=96&d=mm&r=g","height":96,"width":96}},"publisher":{"@type":"Organization","name":"t-real.cz","logo":{"@type":"ImageObject","@id":"\/logo.png","url":"\/logo.png","width":600,"height":60}},"image":{"@type":"ImageObject","@id":"https:\/\/www.t-real.cz\/wp-content\/uploads\/credit-4516067_640.jpg","url":"https:\/\/www.t-real.cz\/wp-content\/uploads\/credit-4516067_640.jpg","height":0,"width":0},"url":"https:\/\/www.t-real.cz\/brat-pujcku-nebo-ne\/","about":["Ekonomika"],"wordCount":436,"articleBody":"   Ono je to na ka\u017ed\u00e9m z n\u00e1s, jak se k tomu postav\u00ed. Jsou lid\u00e9, kte\u0159\u00ed by si nep\u016fj\u010dili ani kdyby jim spadla st\u0159echa na hlavu. Rad\u011bji budou bez n\u00ed, ale p\u016fj\u010dit si nep\u016fjdou. Nikdy a od nikoho. No, na jednu stranu maj\u00ed vlastn\u011b pravdu. Bez dluh\u016f se \u017eije mnohem l\u00e9pe ne\u017e s nimi. Nebo ne? Ten, kdo si nep\u016fj\u010d\u00ed, nem\u00e1 asi modern\u00ed v\u016fz, nebo vilku n\u011bkde u mo\u0159e. Tak\u017ee si z tohoto hlediska \u017eije l\u00e9pe ten, kter\u00fd si tu p\u016fj\u010dku nebo hypot\u00e9ku vzal. Proto\u017ee on n\u011bco m\u00e1. Ten druh\u00fd nic. Mo\u017en\u00e1 se tak trochu podiv\u00edte, \u017ee jsem zde zam\u00edchala dohromady p\u016fj\u010dku s hypot\u00e9kou. V\u00edte, ona je podstata stejn\u00e1. Li\u0161\u00ed se to jen vyp\u016fj\u010denou sumou a dobou jej\u00edho spl\u00e1cen\u00ed. P\u016fj\u010dka jsou ty men\u0161\u00ed obnosy a hypot\u00e9ka jsou u\u017e ty opravdu velik\u00e9. P\u0159esn\u011b stanoven\u00e1 ur\u010dit\u00e1 hranice do kolika do kolika nen\u00ed. Ale snad je to jedno. Jedno v\u0161ak nen\u00ed ta okolnost, o kter\u00e9 se rovn\u011b\u017e hodn\u011b diskutuje. Toti\u017e kde si n\u011bco podobn\u00e9ho vz\u00edt, abychom na tom byli dle sv\u00fdch p\u0159edstav s dluhem a spl\u00e1cen\u00edm. Kdy\u017e pak zjist\u00edme, \u017ee podle bank\u00e9\u0159\u016f m\u00e1me p\u0159\u00edjem n\u00edzk\u00fd jdeme se ot\u00e1zat jinam. Tam, kde jim to bude jedno. Jen\u017ee, existuje n\u011bkdo, kdo se s n\u00e1mi bude v\u016fbec bavit, kdy\u017e je n\u00e1\u0161 p\u0159\u00edjem tak n\u00edzk\u00fd?Odpov\u011b\u010f zn\u00ed ano. Nen\u00ed to v\u0161ak ur\u010deno v\u0161em, ale je to sp\u00ed\u0161e ur\u010deno pro lidi, kte\u0159\u00ed si nevyd\u011bl\u00e1vaj\u00ed statis\u00edce m\u011bs\u00ed\u010dn\u011b. Pokud pat\u0159\u00edte tak\u00e9 mezi n\u011b, m\u016f\u017eete si o tuto hypot\u00e9ku po\u017e\u00e1dat a jist\u011b nen\u00ed d\u016fvod v\u00e1m ji odm\u00edtnout. I kdy\u017e jste v registru dlu\u017en\u00edk\u016f. To toti\u017e v\u016fbec nic neznamen\u00e1. T\u0159eba jste jen nezaplatili m\u011bs\u00ed\u010dn\u00ed spl\u00e1tku za mobil. Ale i kdyby toho bylo v\u00edce je zde pro v\u00e1s tak jako tak p\u0159ipravena hypot\u00e9ka pro dlu\u017en\u00edky. Div\u00edte se co\u017e? Po\u0159\u00eddit si ji nen\u00ed v\u016fbec nic slo\u017eit\u00e9ho a zvl\u00e1dne to ka\u017ed\u00fd levou rukou. Odpad\u00e1 zde doj\u00ed\u017ed\u011bn\u00ed do bank ve m\u011bst\u011b a dal\u0161\u00ed v\u011bci, kter\u00e9 k tomu pat\u0159\u00ed. Pokud toti\u017e bude v\u00e1\u0161 budouc\u00ed v\u011b\u0159itel cht\u00edt s v\u00e1mi jednat, m\u00e1 k tomu kur\u00fdra, kter\u00fd k v\u00e1m dom\u016f p\u0159ijede.                                                                                                                                                                                                                                                                                                                                                                                           4.4\/5 - (13 votes)        "},{"@context":"https:\/\/schema.org\/","@type":"BreadcrumbList","itemListElement":[{"@type":"ListItem","position":1,"name":"Br\u00e1t p\u016fj\u010dku nebo ne?","item":"https:\/\/www.t-real.cz\/brat-pujcku-nebo-ne\/#breadcrumbitem"}]}]