[{"@context":"https:\/\/schema.org\/","@type":"Article","@id":"https:\/\/www.t-real.cz\/co-je-to-wearables\/#Article","mainEntityOfPage":"https:\/\/www.t-real.cz\/co-je-to-wearables\/","headline":"Co je to wearables","name":"Co je to wearables","description":"Domn\u00edv\u00e1m se, \u017ee n\u011bkte\u0159\u00ed z v\u00e1s nemaj\u00ed sebemen\u0161\u00ed tu\u0161en\u00ed, co tohle slovo znamen\u00e1. J\u00e1 v\u00e1m to miler\u00e1d prozrad\u00edm.","datePublished":"2021-01-17","dateModified":"2021-01-17","author":{"@type":"Person","@id":"https:\/\/www.t-real.cz\/author\/#Person","name":"","url":"https:\/\/www.t-real.cz\/author\/","identifier":1,"image":{"@type":"ImageObject","@id":"https:\/\/secure.gravatar.com\/avatar\/99fa2d7bb0ff3369cbf7f1481134d0b6f7aff596e984b7c90a3d99b8b24eb0d8?s=96&d=mm&r=g","url":"https:\/\/secure.gravatar.com\/avatar\/99fa2d7bb0ff3369cbf7f1481134d0b6f7aff596e984b7c90a3d99b8b24eb0d8?s=96&d=mm&r=g","height":96,"width":96}},"publisher":{"@type":"Organization","name":"t-real.cz","logo":{"@type":"ImageObject","@id":"\/logo.png","url":"\/logo.png","width":600,"height":60}},"image":{"@type":"ImageObject","@id":"https:\/\/www.t-real.cz\/wp-content\/uploads\/hodinky.jpg","url":"https:\/\/www.t-real.cz\/wp-content\/uploads\/hodinky.jpg","height":0,"width":0},"url":"https:\/\/www.t-real.cz\/co-je-to-wearables\/","about":["Podnik\u00e1n\u00ed"],"wordCount":400,"articleBody":"      Domn\u00edv\u00e1m se, \u017ee n\u011bkte\u0159\u00ed z v\u00e1s nemaj\u00ed sebemen\u0161\u00ed tu\u0161en\u00ed, co tohle slovo znamen\u00e1. J\u00e1 v\u00e1m to miler\u00e1d prozrad\u00edm. Mo\u017en\u00e1 budete p\u0159ekvapeni. Tak\u017ee toto slovo znamen\u00e1 nositelnou elektroniku. Tak\u017ee t\u0159eba mobil, pl\u00e1cnete ihned. Ale ne, mobil mezi wearables nepat\u0159\u00ed. Ihned si \u0159ekneme pro\u010d. Pojmem \u201enositeln\u00e1\u201c se rozum\u00ed to, \u017ee je \u201eu\u0161ita\u201c na lidsk\u00e9 t\u011blo, nebo se nos\u00ed p\u0159\u00edmo na n\u011bm. Pop\u0159\u00edpad\u011b se nos\u00ed na od\u011bvu. Pokud by mobil m\u011bl h\u00e1\u010dek, kter\u00fdm si jej pov\u011bs\u00edte na klopu, nap\u0159\u00edklad, nebo jinam, tak by mezi tuto nositelnou elektroniku pat\u0159il. Jak to v\u0161echno za\u010dalo? Pravd\u011bpodobn\u011b hodinkami. N\u00e1sledovaly sluch\u00e1tka a podobn\u011b. Nyn\u00ed jsou to t\u0159eba br\u00fdle, kter\u00e9 maj\u00ed v sob\u011b zabudovanou kamerku. V dne\u0161n\u00ed dob\u011b pln\u00e9 elektronick\u00fdch hejbl\u00e1tek a v\u0161eho mo\u017en\u00e9ho bude t\u011bchto v\u011bci\u010dek jen a jen p\u0159ib\u00fdvat. U\u017e i tak jich je dost a dost. Nap\u0159\u00edklad pr\u00e1v\u011b chytr\u00e9 hodinky, tedy pokud se za chytr\u00e9 opravdu pova\u017euj\u00ed. Nech\u00e1te mobil doma a chytr\u00e9 hodinky se n\u00e1hle st\u00e1vaj\u00ed \u201ehloup\u00fdmi\u201c miziv\u00e9 hodnoty. To ty, kter\u00e9 se ji\u017e nemus\u00ed sp\u00e1rovat s jak\u00fdmkoli za\u0159\u00edzen\u00edm, to u\u017e je n\u011bco jin\u00e9ho a takov\u00e9 hodinky se opravdu mohou za chytr\u00e9 pova\u017eovat. Ned\u00e1vno jsem vid\u011bl prst\u00fdnek, kter\u00fd m\u011b\u0159il teplotu. Je to tedy kategorie wearables? Ano, domn\u00edv\u00e1m se, \u017ee ano. Nos\u00ed se na t\u011ble, tedy ne na cel\u00e9m, ale na prstu a elektroniku mus\u00ed v sob\u011b m\u00edt tak\u00e9. Tak\u017ee do t\u00e9to kategorie rozhodn\u011b pat\u0159\u00ed. Nejv\u00edce v\u00fdrobk\u016f bude asi spojov\u00e1no se zdravotnictv\u00edm, nebo, abychom byli p\u0159esn\u011bj\u0161\u00ed, se zdrav\u00edm jako takov\u00fdm. Sledov\u00e1n\u00ed srde\u010dn\u00ed \u010dinnosti nap\u0159\u00edklad bude asi hlavn\u00edm trendem. K tomu se p\u0159id\u00e1 po\u010d\u00edt\u00e1n\u00ed u\u0161l\u00e9 vzd\u00e1lenosti a dal\u0161\u00ed t\u011blesn\u00e9 aktivity. Jist\u011b bude dobr\u00e9, kdy\u017e bude t\u011bchto v\u011bci\u010dek p\u0159ib\u00fdvat. Vid\u011bl jsem ned\u00e1vno n\u00e1ramek, kter\u00fd um\u011bl sledovat cukrovku u diabetik\u016f a kdy\u017e to nebylo v po\u0159\u00e1dku, za\u010dal p\u00edpat. Tak\u017ee vid\u00edme, \u017ee tyto chytr\u00e9 v\u011bci\u010dky mohou hodn\u011b pom\u00e1hat a snad si tento trend udr\u017e\u00ed.                                                                                                                                                                                                                                                                                                                                                                                           3.9\/5 - (7 votes)        "},{"@context":"https:\/\/schema.org\/","@type":"BreadcrumbList","itemListElement":[{"@type":"ListItem","position":1,"name":"Co je to wearables","item":"https:\/\/www.t-real.cz\/co-je-to-wearables\/#breadcrumbitem"}]}]