[{"@context":"https:\/\/schema.org\/","@type":"Article","@id":"https:\/\/www.t-real.cz\/deti-mam-rada\/#Article","mainEntityOfPage":"https:\/\/www.t-real.cz\/deti-mam-rada\/","headline":"D\u011bti m\u00e1m r\u00e1da","name":"D\u011bti m\u00e1m r\u00e1da","description":"Je hodn\u011b lid\u00ed, kte\u0159\u00ed opravdu maj\u00ed moc r\u00e1di d\u011bti. Abych pravdu \u0159ekla, tak nezn\u00e1m asi nikoho, kdyby d\u011bti","datePublished":"2023-02-28","dateModified":"2023-02-28","author":{"@type":"Person","@id":"https:\/\/www.t-real.cz\/author\/#Person","name":"","url":"https:\/\/www.t-real.cz\/author\/","identifier":1,"image":{"@type":"ImageObject","@id":"https:\/\/secure.gravatar.com\/avatar\/99fa2d7bb0ff3369cbf7f1481134d0b6f7aff596e984b7c90a3d99b8b24eb0d8?s=96&d=mm&r=g","url":"https:\/\/secure.gravatar.com\/avatar\/99fa2d7bb0ff3369cbf7f1481134d0b6f7aff596e984b7c90a3d99b8b24eb0d8?s=96&d=mm&r=g","height":96,"width":96}},"publisher":{"@type":"Organization","name":"t-real.cz","logo":{"@type":"ImageObject","@id":"\/logo.png","url":"\/logo.png","width":600,"height":60}},"image":{"@type":"ImageObject","@id":"https:\/\/www.t-real.cz\/wp-content\/uploads\/baby-2972221_960_720.jpg","url":"https:\/\/www.t-real.cz\/wp-content\/uploads\/baby-2972221_960_720.jpg","height":0,"width":0},"url":"https:\/\/www.t-real.cz\/deti-mam-rada\/","about":["D\u011bti"],"wordCount":437,"articleBody":"Je hodn\u011b lid\u00ed, kte\u0159\u00ed opravdu maj\u00ed moc r\u00e1di d\u011bti. Abych pravdu \u0159ekla, tak nezn\u00e1m asi nikoho, kdyby d\u011bti r\u00e1d nem\u011bl, ale sly\u0161ela jsem, \u017ee tak\u00e9 existuje opravdu mnoho lid\u00ed, kte\u0159\u00ed pr\u00fd nemaj\u00ed r\u00e1di d\u011bti. Opravdu to jde nem\u00edt r\u00e1d\u00a0d\u011bti? Jsem r\u00e1da, \u017ee nikoho\u00a0takov\u00e9ho\u00a0v okol\u00ed nem\u00e1m. Tedy alespo\u0148 si to\u00a0mysl\u00edm. Tedy ne, \u017ee by je p\u0159\u00edmo nesn\u00e1\u0161eli nebo nen\u00e1vid\u011bli, ale pr\u00fd nemaj\u00ed r\u00e1di jejich spole\u010dnost. J\u00e1 sice ch\u00e1pu, \u017ee n\u011bkter\u00e9 d\u011bti um\u00ed b\u00fdt drz\u00e9 a tak\u00e9 divok\u00e9, \u017ee opravdu obt\u011b\u017euj\u00ed okol\u00ed. Tohle sice ch\u00e1pu, ale \u0159ekn\u011bme si to up\u0159\u00edmn\u011b. D\u011bti jsou d\u011bti. A t\u0159eba i mnoz\u00ed dosp\u011bl\u00ed nebyli v d\u011btstv\u00ed takov\u00ed, \u017ee by byli p\u0159\u00edmo uk\u00e1zkov\u00e9 jako z knihy. Mysl\u00edm si, \u017ee ob\u010dasn\u00e9 zloben\u00ed d\u011btem prost\u011b pat\u0159\u00ed. Proto\u017ee nen\u00ed zloben\u00ed jako zloben\u00ed. Proto\u017ee d\u011bti, kdy\u017e t\u0159eba zlob\u00ed, tak vyjad\u0159uj\u00ed t\u00edm sami sebe a nemus\u00ed to d\u011blat \u00fapln\u011b schv\u00e1ln\u011b, \u017ee by se jim t\u0159eba n\u011bco nel\u00edbilo. Nebo \u017ee by to d\u011bti d\u011blaly schv\u00e1ln\u011b a m\u011bly radost z toho, \u017ee rodi\u010de se na n\u011b zlob\u00ed. Podle m\u00e9ho n\u00e1zoru je opravdu mnoho lid\u00ed, kte\u0159\u00ed tohle ch\u00e1pou, ale jsou tady i tac\u00ed, kter\u00fdm to vad\u00ed a nikdy to nepochop\u00ed. Abych pravdu \u0159ekla, j\u00e1 m\u00e1m dv\u011b d\u011bti a jsem opravdu r\u00e1da, \u017ee ty sv\u00e9 dv\u011b d\u011bti. Proto\u017ee jsem opravdu dlouho nemohla ot\u011bhotn\u011bt, tak\u017ee jsem opravdu \u0161\u0165astn\u00e1, \u017ee se mi poda\u0159ilo ot\u011bhotn\u011bt hned dvakr\u00e1t b\u011bhem t\u0159\u00ed let. A opravdu bych nem\u011bnila. A d\u011bti m\u00e1m opravdu moc r\u00e1da. Pracovala jsem \u010dty\u0159i roky toti\u017e ve \u0161kolce. A nyn\u00ed u\u017e tam nepracuji, proto\u017ee jsem t\u011bhotn\u00e1 a u\u017e se t\u011b\u0161\u00edm na t\u0159et\u00edho potomka. Mysl\u00edm si, \u017ee je mnoho \u017een, kter\u00e9 nemohou t\u0159eba ot\u011bhotn\u011bt a p\u0159\u00e1ly bych si d\u00edt\u011b. A tak m\u011b napadlo, \u017ee by si t\u0159eba mohli tak\u00e9 d\u00edt\u011b adoptovat. Je p\u0159eci tolik d\u011bt\u00ed, kte\u0159\u00ed hledaj\u00ed l\u00e1sku a miluj\u00edc\u00ed domov, \u017ee to ani nejde spo\u010d\u00edtat. A jak\u00fd postoj\u00a0m\u00e1te k d\u011btem vy? Anebo k\u00a0adopci? J\u00e1 jsem si \u0159ekla, \u017ee kdybych nemohla ot\u011bhotn\u011bt, tak j\u00e1 bych jist\u011b d\u011b\u0165\u00e1tko adoptovala,\u00a0proto\u017ee\u00a0bych si nedok\u00e1zala\u00a0p\u0159edstavit\u00a0\u017eivot\u00a0bez\u00a0d\u011bt\u00ed.\u00a0                                                                                                                                                                                                                                                                                                                                                                                        4\/5 - (22 votes)        "},{"@context":"https:\/\/schema.org\/","@type":"BreadcrumbList","itemListElement":[{"@type":"ListItem","position":1,"name":"D\u011bti m\u00e1m r\u00e1da","item":"https:\/\/www.t-real.cz\/deti-mam-rada\/#breadcrumbitem"}]}]