[{"@context":"https:\/\/schema.org\/","@type":"Article","@id":"https:\/\/www.t-real.cz\/leto-a-bazen\/#Article","mainEntityOfPage":"https:\/\/www.t-real.cz\/leto-a-bazen\/","headline":"L\u00e9to a baz\u00e9n","name":"L\u00e9to a baz\u00e9n","description":"V\u017edycky jsem si \u0159\u00edkala, co je je\u0161t\u011b pot\u0159eba na to, kdy\u017e si \u010dlov\u011bk po\u0159\u00edd\u00ed dom\u016f n\u011bjak\u00fd kr\u00e1sn\u00fd baz\u00e9n.","datePublished":"2023-03-28","dateModified":"2023-04-28","author":{"@type":"Person","@id":"https:\/\/www.t-real.cz\/author\/#Person","name":"","url":"https:\/\/www.t-real.cz\/author\/","identifier":1,"image":{"@type":"ImageObject","@id":"https:\/\/secure.gravatar.com\/avatar\/99fa2d7bb0ff3369cbf7f1481134d0b6f7aff596e984b7c90a3d99b8b24eb0d8?s=96&d=mm&r=g","url":"https:\/\/secure.gravatar.com\/avatar\/99fa2d7bb0ff3369cbf7f1481134d0b6f7aff596e984b7c90a3d99b8b24eb0d8?s=96&d=mm&r=g","height":96,"width":96}},"publisher":{"@type":"Organization","name":"t-real.cz","logo":{"@type":"ImageObject","@id":"\/logo.png","url":"\/logo.png","width":600,"height":60}},"image":{"@type":"ImageObject","@id":"https:\/\/www.t-real.cz\/wp-content\/uploads\/woman-5631257_960_720_7.jpg","url":"https:\/\/www.t-real.cz\/wp-content\/uploads\/woman-5631257_960_720_7.jpg","height":0,"width":0},"url":"https:\/\/www.t-real.cz\/leto-a-bazen\/","about":["Zbo\u017e\u00ed"],"wordCount":430,"articleBody":"        V\u017edycky jsem si \u0159\u00edkala, co je je\u0161t\u011b pot\u0159eba na to, kdy\u017e si \u010dlov\u011bk po\u0159\u00edd\u00ed dom\u016f n\u011bjak\u00fd kr\u00e1sn\u00fd baz\u00e9n. J\u00e1 Jako mal\u00e1 jsem v\u017edycky snila o n\u011bjak\u00e9m velk\u00e9m baz\u00e9nu. Jenom\u017ee jak u\u017e to tak b\u00fdv\u00e1, ne v\u017edycky se v\u0161em ten sen vypln\u00ed. A bohu\u017eel ani m\u011b ne, to jsme byla velmi smutn\u00e1. Ani nev\u00edte, jak jsem z toho byla velice ne\u0161\u0165astn\u00e1, kdy\u017e mi moji rodi\u010de \u0159ekli, \u017ee my nebudeme m\u00edt opravdu nikdy baz\u00e9n. Pro\u010d zrovna j\u00e1? A v\u016fbec jsem netu\u0161ila, pro\u010d zrovna j\u00e1 bych se m\u011bla spokojit s t\u00edm, \u017ee my nebudeme m\u00edt nikdy na zahrad\u011b baz\u00e9n. Potom, kdy\u017e jsem sly\u0161ela moj\u00ed m\u00e1mou s otcem, jak se bav\u00ed o baz\u00e9nu, tak se mi cht\u011blo bre\u010det, proto\u017ee moji rodi\u010de si \u0159\u00edkali mezi sebou, \u017ee je m\u00edt na zahrad\u011b baz\u00e9n je opravdu zbyte\u010dn\u00e9.\u017de pr\u00fd by tam byly st\u00e1le jenom d\u011bcka a \u017ee pr\u00fd kdyby se stala n\u011bjak\u00e1 nehoda, \u017ee by to nep\u0159e\u017eili a byly by velik\u00e9 probl\u00e9my. Sice ch\u00e1pu jejich strach, ale v\u017edy\u0165 p\u0159eci plno lid\u00ed m\u00e1 na zahrad\u011b baz\u00e9n. \u010clov\u011bk se p\u0159eci nesm\u00ed jenom v\u0161eho b\u00e1t. Podle m\u00e9ho n\u00e1zoru je tohle opravdu hodn\u011b sobeck\u00e9. Tak\u017ee jsem si \u0159ekla, \u017ee a\u017e budu dosp\u011bl\u00e1 a budu m\u00edt vlastn\u00ed rodinu, tak sv\u00fdm d\u011btem samoz\u0159ejm\u011b baz\u00e9n po\u0159\u00edd\u00edm. A jak jsem \u0159ekla, tak jsem tak\u00e9 ud\u011blala. A je logick\u00e9, \u017ee kdy\u017e jsem po\u0159\u00eddila sv\u00fdm dv\u011bma d\u011btem n\u011bjak\u00fd kr\u00e1sn\u00fd baz\u00e9n, tak jsem tak\u00e9 cht\u011bla baz\u00e9nov\u00e9 \u010derpadlo. Na webov\u00e9 str\u00e1nce chlorito.cz jsem na\u0161la r\u016fzn\u00e1 baz\u00e9nov\u00e1 \u010derpadla. M\u011b nejv\u00edce zaujalo baz\u00e9nov\u00e9 \u010derpadlo Boxer. Toto baz\u00e9nov\u00e9 \u010derpadlo je opravdu kvalitn\u00ed a vydr\u017e\u00ed dlouhou dobu, tak\u017ee se nemus\u00edte b\u00e1t, \u017ee by se tam t\u0159eba toto baz\u00e9nov\u00e9 \u010derpadlo Boxer n\u011bjak poni\u010dilo nebo \u00fapln\u011b rozbilo. A toto baz\u00e9nov\u00e9 \u010derpadlo Boxer m\u00e1 i moje sousedka a sama mi \u0159ekla, \u017ee toto baz\u00e9nov\u00e9 \u010derpadlo Boxer doporu\u010duje, proto\u017ee je velice odoln\u00e9 a mysl\u00edm si, \u017ee tak\u00e9 dlouho vydr\u017e\u00ed. Baz\u00e9nov\u00e1 \u010derpadla BOXER https:\/\/www.chlorito.cz\/cerpadla-k-bazenu\/ pat\u0159\u00ed opravdu k t\u011bm nejv\u00edce kvalitn\u00edm, proto\u017ee jsou tak\u00e9 hojn\u011b prod\u00e1v\u00e1na, proto\u017ee spl\u0148uj\u00ed podm\u00ednky.                                                                                                                                                                                                                                                                                                                                                                                           4.9\/5 - (7 votes)        "},{"@context":"https:\/\/schema.org\/","@type":"BreadcrumbList","itemListElement":[{"@type":"ListItem","position":1,"name":"L\u00e9to a baz\u00e9n","item":"https:\/\/www.t-real.cz\/leto-a-bazen\/#breadcrumbitem"}]}]