[{"@context":"https:\/\/schema.org\/","@type":"Article","@id":"https:\/\/www.t-real.cz\/velikonoce-v-ceskych-budejovicich\/#Article","mainEntityOfPage":"https:\/\/www.t-real.cz\/velikonoce-v-ceskych-budejovicich\/","headline":"Velikonoce v \u010cesk\u00fdch Bud\u011bjovic\u00edch","name":"Velikonoce v \u010cesk\u00fdch Bud\u011bjovic\u00edch","description":"Velikono\u010dn\u00ed sv\u00e1tky b\u00fdvaj\u00ed v\u017edy p\u0159edzv\u011bst\u00ed n\u00e1stupu jara a proto se tak\u00e9 velmi \u010dasto dom\u00e1cnosti zdob\u00ed r\u016fzn\u00fdmi jarn\u00edmi motivy,","datePublished":"2024-04-13","dateModified":"2024-05-13","author":{"@type":"Person","@id":"https:\/\/www.t-real.cz\/author\/#Person","name":"","url":"https:\/\/www.t-real.cz\/author\/","identifier":1,"image":{"@type":"ImageObject","@id":"https:\/\/secure.gravatar.com\/avatar\/99fa2d7bb0ff3369cbf7f1481134d0b6f7aff596e984b7c90a3d99b8b24eb0d8?s=96&d=mm&r=g","url":"https:\/\/secure.gravatar.com\/avatar\/99fa2d7bb0ff3369cbf7f1481134d0b6f7aff596e984b7c90a3d99b8b24eb0d8?s=96&d=mm&r=g","height":96,"width":96}},"publisher":{"@type":"Organization","name":"t-real.cz","logo":{"@type":"ImageObject","@id":"\/logo.png","url":"\/logo.png","width":600,"height":60}},"image":{"@type":"ImageObject","@id":"https:\/\/www.t-real.cz\/wp-content\/uploads\/flowers-2832485_640.jpg","url":"https:\/\/www.t-real.cz\/wp-content\/uploads\/flowers-2832485_640.jpg","height":0,"width":0},"url":"https:\/\/www.t-real.cz\/velikonoce-v-ceskych-budejovicich\/","about":["Podnik\u00e1n\u00ed"],"wordCount":429,"articleBody":"   Velikono\u010dn\u00ed sv\u00e1tky b\u00fdvaj\u00ed v\u017edy p\u0159edzv\u011bst\u00ed n\u00e1stupu jara a proto se tak\u00e9 velmi \u010dasto dom\u00e1cnosti zdob\u00ed r\u016fzn\u00fdmi jarn\u00edmi motivy, jako jsou zaj\u00ed\u010dci, mal\u00e1 \u017elut\u00e1 ku\u0159\u00e1tka a kach\u0148\u00e1tka. K Velikonoc\u016fm tak\u00e9 pat\u0159\u00ed poml\u00e1zka a vesel\u00e9 barvy. N\u011bkte\u0159\u00ed lid\u00e9 se tak\u00e9 r\u00e1di od Velikonoc po cel\u00e9 jarn\u00ed obdob\u00ed pest\u0159eji obl\u00e9kaj\u00ed a preferuj\u00ed vesel\u00e9 barevn\u00e9 od\u011bvn\u00ed kombinace.Tr\u00e1vit Velikonoce b\u00fdv\u00e1 zvykem obvykle doma, ale chcete-li to tentokr\u00e1t zm\u011bnit, neb\u00fdv\u00e1 probl\u00e9m zajistit si ubytov\u00e1n\u00ed nap\u0159\u00edklad v n\u011bkter\u00e9m z penzion\u016f v \u010cesk\u00fdch Bud\u011bjovic\u00edch a pro\u017e\u00edt sv\u00e1tky jara pr\u00e1v\u011b tam.Projd\u011bte se Stromovkou a pod\u00e9l Vltavy a\u017e na Hlubokou nad Vltavou \u2013 Stromovka je p\u0159\u00edrodn\u00ed park na z\u00e1padn\u00edm okraji m\u011bsta a na ja\u0159e tu rozkv\u00e9taj\u00ed listnat\u00e9 stromy. Je na n\u011b kr\u00e1sn\u00fd pohled a vyplat\u00ed se proj\u00edt Stromovkou p\u011b\u0161ky nebo se tu projet na kole. M\u016f\u017eete pak tak\u00e9 zam\u00ed\u0159it i k dal\u0161\u00edm m\u011bstsk\u00fdm park\u016fm, nap\u0159\u00edklad v bl\u00edzkosti centra s historickou z\u00e1stavbou. Va\u0161i trasu pak m\u016f\u017eete prot\u00e1hnout a\u017e na Hlubokou nad Vltavou, pod\u00e9l \u0159eky vede asfaltov\u00e1 in-line dr\u00e1ha pro cyklisty a brusla\u0159e.Prohl\u00e9dn\u011bte si m\u011bsto z \u010cern\u00e9 v\u011b\u017ee \u2013 z \u010cern\u00e9 v\u011b\u017ee je kr\u00e1sn\u00fd pohled na n\u00e1m\u011bst\u00ed P\u0159emysla Otakara II., a i na vzd\u00e1len\u011bj\u0161\u00ed vrcholky Blansk\u00e9ho lesa s Klet\u00ed. Na ja\u0159e si pov\u0161imnete kvetouc\u00edch a syt\u011b zelen\u00fdch strom\u016f ve m\u011bst\u011b a bl\u00edzk\u00e9m okol\u00ed a budete tu vn\u00edmat p\u0159\u00edjemnou energii, kter\u00e1 z p\u0159\u00edrody pronik\u00e1 a\u017e do m\u011bstsk\u00e9ho centra.Zav\u00edtejte na Kle\u0165 \u2013 z nejvy\u0161\u0161\u00edho vrcholu Blansk\u00e9ho lesa je n\u00e1dhern\u00fd v\u00fdhled a na ja\u0159e je o to zaj\u00edmav\u011bj\u0161\u00ed, proto\u017ee se v\u0161e kolem v\u00e1s zelen\u00e1 a rozkv\u00e9t\u00e1. Na vrchol se m\u016f\u017eete nechat vyv\u00e9zt lanovkou, anebo k n\u011bmu vystoupat p\u011b\u0161ky.Kvetouc\u00ed stromy v \u010cesk\u00e9m Krumlov\u011b \u2013 jestli\u017ee usednete na vlak a tentokr\u00e1t nech\u00e1te auto ve m\u011bst\u011b, doporu\u010dujeme projet si trasu z \u010cesk\u00fdch Bud\u011bjovic do \u010cesk\u00e9ho Krumlova. Vlakov\u00e1 tra\u0165 vede p\u0159es Bor\u0161ov, Holubov a Zlatou Korunu a sm\u011b\u0159uje po \u00fapat\u00ed Blansk\u00e9ho lesa, stoj\u00ed za to sledovat okoln\u00ed krajinu. Kter\u00e1 pat\u0159\u00ed k nejkr\u00e1sn\u011bj\u0161\u00edm ve st\u0159edn\u00ed Evrop\u011b.                                                                                                                                                                                                                                                                                                                                                                                          4.3\/5 - (13 votes)        "},{"@context":"https:\/\/schema.org\/","@type":"BreadcrumbList","itemListElement":[{"@type":"ListItem","position":1,"name":"Velikonoce v \u010cesk\u00fdch Bud\u011bjovic\u00edch","item":"https:\/\/www.t-real.cz\/velikonoce-v-ceskych-budejovicich\/#breadcrumbitem"}]}]